{"id":768,"date":"2024-05-23T14:54:08","date_gmt":"2024-05-23T12:54:08","guid":{"rendered":"https:\/\/riverbalance-kuhnitzsch.com\/?p=768"},"modified":"2025-02-16T21:32:10","modified_gmt":"2025-02-16T20:32:10","slug":"umweltausbildung-im-gruenen-klassenzimmer","status":"publish","type":"post","link":"https:\/\/riverbalance-kuhnitzsch.com\/index.php\/2024\/05\/23\/umweltausbildung-im-gruenen-klassenzimmer\/","title":{"rendered":"Umweltausbildung im gr\u00fcnen Klassenzimmer"},"content":{"rendered":"<p>Material braucht man wenig, es ist alles in der Umgebung zu finden. Die auentypischen Geh\u00f6lze, wie Esche, Schwarzerle oder Weide sind schon perfekt platziert. Die&nbsp;Wasserinsekten&nbsp;lauern im Bach und die tollen V\u00f6gel sind, mit etwas Geduld, auch zu erblicken oder zu h\u00f6ren. Was angefasst und wirklich wahrgenommen wird, bleibt auch im Kopf h\u00e4ngen. Hausaufgaben&nbsp;zur Vertiefung sind dann nicht mehr notwendig, da bleibt genug Zeit um auch Kind sein zu d\u00fcrfen!<br><br>Fr\u00fch \u00fcbt sich, die&nbsp;Kinder&nbsp;k\u00f6nnen so auch ihre heimischen&nbsp;Flie\u00dfgew\u00e4sser&nbsp;lieben lernen. Oder mit den Worten von Konrad Lorenz gesprochen: \u201eMan sch\u00fctzt nur, was man liebt \u2013 man liebt nur, was man kennt.\u201c<br><br>An der frischen Luft&nbsp;wird auch niemand m\u00fcde! Falls doch, dann k\u00f6nnen die F\u00fc\u00dfe in das kalte&nbsp;Bachwasser&nbsp;gehalten werden.<br><br>Interessiert? Dann buchen Sie auch f\u00fcr Ihre&nbsp;Klasse&nbsp;oder auch Kindergartengruppe eine \u201egr\u00fcne Stunde\u201c!<\/p><p><\/p><div class=\"wp-block-buttons is-horizontal is-content-justification-center is-layout-flex wp-container-core-buttons-is-layout-499968f5 wp-block-buttons-is-layout-flex\"><div class=\"wp-block-button has-custom-width wp-block-button__width-50\"><a class=\"wp-block-button__link has-text-color has-background wp-element-button\" href=\"https:\/\/riverbalance-kuhnitzsch.com\/index.php\/2022\/09\/05\/kontakt\/\" style=\"border-radius:50px;color:#ffffff;background-color:#000000\" target=\"_blank\" rel=\"noreferrer noopener\">Hier geht\u00b4s zum Kontakt<\/a><\/div><\/div><p><\/p><p><\/p><p><\/p><p><\/p><p><\/p><p><\/p><p><\/p><div ><style>#sp-ea-1118 .spcollapsing { height: 0; overflow: hidden; transition-property: height;transition-duration: 300ms;}#sp-ea-1118.sp-easy-accordion>.sp-ea-single {margin-bottom: 10px; border: 1px solid #e2e2e2; }#sp-ea-1118.sp-easy-accordion>.sp-ea-single>.ea-header a {color: #444;}#sp-ea-1118.sp-easy-accordion>.sp-ea-single>.sp-collapse>.ea-body {background: #fff; color: #444;}#sp-ea-1118.sp-easy-accordion>.sp-ea-single {background: #eee;}#sp-ea-1118.sp-easy-accordion>.sp-ea-single>.ea-header a .ea-expand-icon { float: left; color: #444;font-size: 16px;}<\/style><div id=\"sp_easy_accordion-1739735746\">\n<div id=\"sp-ea-1118\" class=\"sp-ea-one sp-easy-accordion\" data-ea-active=\"ea-click\" data-ea-mode=\"vertical\" data-preloader=\"\" data-scroll-active-item=\"\" data-offset-to-scroll=\"0\">\n\n<!-- Start accordion card div. -->\n<div class=\"ea-card  sp-ea-single\">\n\t<!-- Start accordion header. -->\n\t<h3 class=\"ea-header\">\n\t\t<!-- Add anchor tag for header. -->\n\t\t<a class=\"collapsed\" id=\"ea-header-11180\" role=\"button\" data-sptoggle=\"spcollapse\" data-sptarget=\"#collapse11180\" aria-controls=\"collapse11180\" href=\"#\"  aria-expanded=\"false\" tabindex=\"0\">\n\t\t<i aria-hidden=\"true\" role=\"presentation\" class=\"ea-expand-icon eap-icon-ea-expand-plus\"><\/i> Referenzen Umweltausbildung\t\t<\/a> <!-- Close anchor tag for header. -->\n\t<\/h3>\t<!-- Close header tag. -->\n\t<!-- Start collapsible content div. -->\n\t<div class=\"sp-collapse spcollapse spcollapse\" id=\"collapse11180\" data-parent=\"#sp-ea-1118\" role=\"region\" aria-labelledby=\"ea-header-11180\">  <!-- Content div. -->\n\t\t<div class=\"ea-body\">\n\t\t<ul>\n<li>Grundschule K\u00f6nigstein &#8211; Umweltausbildung an der Biela<\/li>\n<li>Evangelische Oberschule Burkhardtsdorf &#8211; Umweltausbildung am Wetzlochbach<\/li>\n<li>Europ\u00e4isches Gymnasium Waldenburg &#8211; Umweltausbildung an der Zwickauer Mulde<\/li>\n<li>Johann-Gottfried-Herder-Gymnasium Pirna &#8211; Umweltausbildung an der Wesenitz<\/li>\n<li>Freie Evangelische Grundschule Hormersdorf &#8211; Umweltausbildung im Klassenzimmer<\/li>\n<li>Gymnasium Dresden-Pieschen &#8211; Umweltausbildung an der Pre\u00dfnitz<\/li>\n<li>Gymnasium &#8222;Prof. Dr. Max Schneider&#8220; &#8211; Umweltausbildung<\/li>\n<li>L\u00f6\u00dfnitzer Waldkindergarten &#8222;Waldstrolche&#8220;- Umweltausbildung Gr\u00fcne Stunde an der L\u00f6\u00dfnitz<\/li>\n<li><span data-olk-copy-source=\"MessageBody\">Marie-Curie-Gymnasium Dresden<\/span> &#8211; Umweltausbildung Nationalpark S\u00e4chsische Schweiz<\/li>\n<li><span data-olk-copy-source=\"MessageBody\">Werner-von-Siemens-Gymnasiums Gro\u00dfenhain &#8211; Umweltausbildung Nationalpark S\u00e4chsische Schweiz<\/span><\/li>\n<li><span data-olk-copy-source=\"MessageBody\">KiTa Robies Zwergenland Rosenthal &#8211; Umweltausbildung Nationalpark S\u00e4chsische Schweiz<\/span><\/li>\n<li><span data-olk-copy-source=\"MessageBody\">Hort Grundschule Thum &#8211; Umweltausbildung Riverbalance<\/span><\/li>\n<\/ul>\n\t\t<\/div> <!-- Close content div. -->\n\t<\/div> <!-- Close collapse div. -->\n<\/div> <!-- Close card div. -->\n<\/div>\n<\/div>\n<\/div>","protected":false},"excerpt":{"rendered":"<p>Material braucht man wenig, es ist alles in der Umgebung zu finden. Die auentypischen Geh\u00f6lze, wie Esche, Schwarzerle oder Weide sind schon perfekt platziert. Die&nbsp;Wasserinsekten&nbsp;lauern &hellip;<\/p>\n","protected":false},"author":1,"featured_media":1003,"comment_status":"closed","ping_status":"closed","sticky":false,"template":"","format":"standard","meta":{"footnotes":""},"categories":[10],"tags":[],"class_list":["post-768","post","type-post","status-publish","format-standard","has-post-thumbnail","hentry","category-angebote"],"_links":{"self":[{"href":"https:\/\/riverbalance-kuhnitzsch.com\/index.php\/wp-json\/wp\/v2\/posts\/768","targetHints":{"allow":["GET"]}}],"collection":[{"href":"https:\/\/riverbalance-kuhnitzsch.com\/index.php\/wp-json\/wp\/v2\/posts"}],"about":[{"href":"https:\/\/riverbalance-kuhnitzsch.com\/index.php\/wp-json\/wp\/v2\/types\/post"}],"author":[{"embeddable":true,"href":"https:\/\/riverbalance-kuhnitzsch.com\/index.php\/wp-json\/wp\/v2\/users\/1"}],"replies":[{"embeddable":true,"href":"https:\/\/riverbalance-kuhnitzsch.com\/index.php\/wp-json\/wp\/v2\/comments?post=768"}],"version-history":[{"count":9,"href":"https:\/\/riverbalance-kuhnitzsch.com\/index.php\/wp-json\/wp\/v2\/posts\/768\/revisions"}],"predecessor-version":[{"id":1125,"href":"https:\/\/riverbalance-kuhnitzsch.com\/index.php\/wp-json\/wp\/v2\/posts\/768\/revisions\/1125"}],"wp:featuredmedia":[{"embeddable":true,"href":"https:\/\/riverbalance-kuhnitzsch.com\/index.php\/wp-json\/wp\/v2\/media\/1003"}],"wp:attachment":[{"href":"https:\/\/riverbalance-kuhnitzsch.com\/index.php\/wp-json\/wp\/v2\/media?parent=768"}],"wp:term":[{"taxonomy":"category","embeddable":true,"href":"https:\/\/riverbalance-kuhnitzsch.com\/index.php\/wp-json\/wp\/v2\/categories?post=768"},{"taxonomy":"post_tag","embeddable":true,"href":"https:\/\/riverbalance-kuhnitzsch.com\/index.php\/wp-json\/wp\/v2\/tags?post=768"}],"curies":[{"name":"wp","href":"https:\/\/api.w.org\/{rel}","templated":true}]}}